{"id":141,"date":"2024-08-19T11:06:06","date_gmt":"2024-08-19T15:06:06","guid":{"rendered":"https:\/\/www.webquebec.com\/?p=141"},"modified":"2024-08-19T11:26:43","modified_gmt":"2024-08-19T15:26:43","slug":"la-recette-a-joel","status":"publish","type":"post","link":"https:\/\/www.webquebec.com\/?p=141","title":{"rendered":"La recette \u00e0 Jo\u00ebl"},"content":{"rendered":"\n<p>Je lis le journal hier et je tombe sur un article \u00e0 propos du nouveau livre de recettes de Jo\u00ebl Legendre. En fait, c&rsquo;est pas juste un article, La Presse en a fait un dossier dont un des volets est intitul\u00e9 \u00ab\u00a0Approuv\u00e9 par les enfants\u00a0\u00bb. Venant d&rsquo;un gars qui a commis un acte ind\u00e9cent dans un parc, je trouve \u00e7a particulier.<\/p>\n\n\n\n<p>On va me dire que sa branlette devant spectateur date de neuf ans et qu&rsquo;il faut passer \u00e0 autre chose. Bien d&rsquo;accord mais \u00e7a fait pas neuf ans qu&rsquo;il est disparu. Un peu plus d&rsquo;UN AN apr\u00e8s sa frasque, le 15 juillet 2016, Hugo Pilon-Larose, toujours de La Presse titrait \u00ab\u00a0Jo\u00ebl Legendre enfin de retour!\u00a0\u00bb.<\/p>\n\n\n\n<p>En fait, je n&rsquo;ai rien contre Jo\u00ebl. Je le trouve talentueux et tr\u00e8s humain. Mais je suis fascin\u00e9 par sa recette. Plein de gens aimeraient l&rsquo;avoir. Dans les contes de f\u00e9es, on parlerait d&rsquo;une potion qui rend totalement amn\u00e9sique ou qui nous plonge et nous noie dans le d\u00e9ni. Julien Lacroix serait probablement un des premiers acheteurs de celle-ci. Jamais formellement accus\u00e9 ni condamn\u00e9, \u00e0 l&rsquo;oppos\u00e9 de Legendre, il patauge dans les bas-fonds depuis maintenant quatre ans. Sa condamnation publique est sans appel et les menaces dont il est victime depuis quatre ans semblent, elles, irr\u00e9prochables&#8230;<\/p>\n\n\n\n<p>Y&rsquo;a d&rsquo;autres personnes qui ont la recette \u00e0 Jo\u00ebl. Donald Trump peut dire que les femmes, \u00e7a se prend par la chatte, qu&rsquo;on peut agresser une journaliste dans une cabine d&rsquo;essayage, qu&rsquo;on peut frauder le fisc, rien ne colle sur lui. Je parlais de l&rsquo;affaire Eric Lapointe et de Kevin Parent \u00e0 une personne l&rsquo;autre jour. Elle m&rsquo;a r\u00e9pondu que c&rsquo;\u00e9tait pas vrai, surtout pour le beau Kevin qui ne ferait jamais rien de d\u00e9plac\u00e9. Comme si les gens qu&rsquo;on adule \u00e9taient des poup\u00e9es Ken qui retournent dans leur bo\u00eete quand la t\u00e9l\u00e9 est ferm\u00e9e.<\/p>\n\n\n\n<p>Le probl\u00e8me ne r\u00e9side pas tant dans les individus que dans le public. Le d\u00e9funt Roland de Qu\u00e9bec me racontait que certaines c\u00e9l\u00e9brit\u00e9s se faisaient uniquement avertir par les policiers dans les parcs car leur arrestation et la r\u00e9v\u00e9lation de leur comportement, comme de leur orientation sexuelle, aurait pour effet de traumatiser les gens du troisi\u00e8me \u00e2ge. Un peu comme les gouvernements qui, semble-t-il, nous cacheraient l&rsquo;existence des extraterrestres afin de ne pas semer le chaos.<\/p>\n\n\n\n<p>L&rsquo;amour est aveugle, sourd et muet. On admire John F Kennedy, infid\u00e8le, courailleux. On tol\u00e8re 40 000 morts \u00e0 Gaza, les soubresauts de la m\u00e9t\u00e9o \u00e9tant plus susceptibles de nous toucher.<\/p>\n\n\n\n<p>On a une m\u00e9moire et une rancune s\u00e9lectives, selon nos valeurs, nos amours, nos envies et surtout,  nos int\u00e9r\u00eats, qu&rsquo;on pense \u00e0 Michael Jackson, \u00e0 Ted Kennedy, \u00e0 Richard Nixon, \u00e0 \u00c9ric Salvail, \u00e0 Bertrand Cantat. Notre jugement est parfois \u00e0 des lustres de l&rsquo;\u00e9tat de droit. <\/p>\n\n\n\n<p>Les c\u00e9l\u00e9brit\u00e9s, ont un \u00e9cosyst\u00e8me bien \u00e0 eux \u00e0 un point tel o\u00f9 on peut se demander si finalement, c&rsquo;\u00e9tait pas le policier qui a interpell\u00e9 Legendre qui \u00e9tait de trop dans ce parc, connu pour ses buissons ardents, v\u00e9ritables speed datings en pleine nature.<\/p>\n\n\n\n<p>Bonne semaine.<\/p>\n","protected":false},"excerpt":{"rendered":"<p>Je lis le journal hier et je tombe sur un article \u00e0 propos du nouveau livre de recettes de Jo\u00ebl Legendre. En fait, c&rsquo;est pas juste un article, La Presse en a fait un dossier dont un des volets est intitul\u00e9 \u00ab\u00a0Approuv\u00e9 par les enfants\u00a0\u00bb. Venant d&rsquo;un gars qui a commis un acte ind\u00e9cent dans [&hellip;]<\/p>\n","protected":false},"author":1025,"featured_media":142,"comment_status":"closed","ping_status":"open","sticky":false,"template":"","format":"standard","meta":{"footnotes":""},"categories":[7],"tags":[],"ppma_author":[3],"class_list":["post-141","post","type-post","status-publish","format-standard","has-post-thumbnail","hentry","category-chronique"],"authors":[{"term_id":3,"user_id":1025,"is_guest":0,"slug":"editorr","display_name":"Daniel L. Moisan","avatar_url":"https:\/\/secure.gravatar.com\/avatar\/f09be322eec3820c279d881a8495d8cc47b17edc9367d87513bab9e15cca27fa?s=96&d=mm&r=g","0":null,"1":"","2":"","3":"","4":"","5":"","6":"","7":"","8":""}],"_links":{"self":[{"href":"https:\/\/www.webquebec.com\/index.php?rest_route=\/wp\/v2\/posts\/141","targetHints":{"allow":["GET"]}}],"collection":[{"href":"https:\/\/www.webquebec.com\/index.php?rest_route=\/wp\/v2\/posts"}],"about":[{"href":"https:\/\/www.webquebec.com\/index.php?rest_route=\/wp\/v2\/types\/post"}],"author":[{"embeddable":true,"href":"https:\/\/www.webquebec.com\/index.php?rest_route=\/wp\/v2\/users\/1025"}],"replies":[{"embeddable":true,"href":"https:\/\/www.webquebec.com\/index.php?rest_route=%2Fwp%2Fv2%2Fcomments&post=141"}],"version-history":[{"count":2,"href":"https:\/\/www.webquebec.com\/index.php?rest_route=\/wp\/v2\/posts\/141\/revisions"}],"predecessor-version":[{"id":144,"href":"https:\/\/www.webquebec.com\/index.php?rest_route=\/wp\/v2\/posts\/141\/revisions\/144"}],"wp:featuredmedia":[{"embeddable":true,"href":"https:\/\/www.webquebec.com\/index.php?rest_route=\/wp\/v2\/media\/142"}],"wp:attachment":[{"href":"https:\/\/www.webquebec.com\/index.php?rest_route=%2Fwp%2Fv2%2Fmedia&parent=141"}],"wp:term":[{"taxonomy":"category","embeddable":true,"href":"https:\/\/www.webquebec.com\/index.php?rest_route=%2Fwp%2Fv2%2Fcategories&post=141"},{"taxonomy":"post_tag","embeddable":true,"href":"https:\/\/www.webquebec.com\/index.php?rest_route=%2Fwp%2Fv2%2Ftags&post=141"},{"taxonomy":"author","embeddable":true,"href":"https:\/\/www.webquebec.com\/index.php?rest_route=%2Fwp%2Fv2%2Fppma_author&post=141"}],"curies":[{"name":"wp","href":"https:\/\/api.w.org\/{rel}","templated":true}]}}