{"id":264,"date":"2024-10-21T15:54:08","date_gmt":"2024-10-21T19:54:08","guid":{"rendered":"https:\/\/www.webquebec.com\/?p=264"},"modified":"2025-11-17T21:14:51","modified_gmt":"2025-11-18T02:14:51","slug":"complote-de-pommes","status":"publish","type":"post","link":"https:\/\/www.webquebec.com\/?p=264","title":{"rendered":"Complote d&rsquo;automne"},"content":{"rendered":"\n<p>Jeremy Filosa, l&rsquo;homme qui ne croit pas au fait que nous sommes all\u00e9s sur la lune, vient de polariser le Qu\u00e9bec en ce mois d&rsquo;octobre color\u00e9. Je regarde \u00e0 ma fen\u00eatre et j&rsquo;aper\u00e7ois les diff\u00e9rentes teintes. Ce sont tous des \u00e9rables de m\u00eame taille, pourtant. Chacun a sa particularit\u00e9. Les humains sont comme \u00e7a.<\/p>\n\n\n\n<p>\u00c7a ne veut pas dire que s&rsquo;exprimer, c&rsquo;est reluire. Guy A. Lepage vient de traiter Filosa d&rsquo; \u00ab\u00a0idiot du jour\u00a0\u00bb sur les r\u00e9seaux sociaux. C&rsquo;est un lynchage pur et simple. La carri\u00e8re de Filosa est finie sur les antennes majeures. Au lieu d&rsquo;\u00eatre ramen\u00e9 dans le monde de la r\u00e9alit\u00e9 et des faits, il risque de trouver un soutien dans des m\u00e9dias marginaux, de persister et de signer pour assurer sa survie m\u00e9diatique. Rendu l\u00e0, aura-t-il le choix?<\/p>\n\n\n\n<p>Quelqu&rsquo;un de peu inform\u00e9 peut tr\u00e8s bien remettre en question des choses qui demandent un raisonnement au-del\u00e0 de la moyenne. Le fait qu&rsquo;une majorit\u00e9 de gens croient qu&rsquo;on a march\u00e9 sur la lune ne prouve pas grand chose sur la r\u00e9elle compr\u00e9hension des gens par rapport \u00e0 cet \u00e9v\u00e9nement. Ils l&rsquo;ont vu \u00e0 la t\u00e9l\u00e9 et la soci\u00e9t\u00e9 leur a dit que c&rsquo;\u00e9tait arriv\u00e9, point. Nommez-moi 10 atronautes. Vous n&rsquo;y arriverez pas. On est bien plus cr\u00e9dules qu&rsquo;analytiques.<\/p>\n\n\n\n<p>Je suis convaincu que l&rsquo;homme a mis le pied sur la lune. J&rsquo;ai valid\u00e9 cette opinion plus tard, \u00e0 l&rsquo;\u00e2ge adulte. J&rsquo;ai travaill\u00e9 en pub, dans les m\u00e9dias et en politique. Je v\u00e9rifie toujours tout car la quantit\u00e9 de bullshit \u00e0 laquelle nous sommes expos\u00e9s est effarante.<\/p>\n\n\n\n<p>On le voit actuellement aux USA. Je lis les titres de Fox News et je n&rsquo;arrive pas \u00e0 comprendre que des gens croient ce qui s&rsquo;y dit. Et pourtant, il y en a beaucoup. On a atteint une polarisation presque totale de l&rsquo;opinion publique.<\/p>\n\n\n\n<p>Les m\u00e9dias sont les principaux artisans de cette situation. On raconte des histoires au lieu de dire les faits. On cherche la controverse au lieu de s&rsquo;en tenir \u00e0 ce qui s&rsquo;est pass\u00e9. C&rsquo;est la seule fa\u00e7on d&rsquo;attirer les gens vers les bulletins de nouvelles. J&rsquo;ai longtemps collabor\u00e9 \u00e0 des m\u00e9dias radiophoniques comme chroniqueur marketing. Si, \u00e0 une question pos\u00e9e par la recherchiste, je r\u00e9pondais : \u00ab\u00a0\u00c9videmment\u00a0\u00bb ou \u00ab\u00a0Je suis en total d\u00e9saccord\u00a0\u00bb, je passais en ondes avec tous les \u00e9gards. Si au contraire, je r\u00e9pondais \u00ab\u00a0\u00c7a d\u00e9pend\u00a0\u00bb ou \u00ab\u00a0C&rsquo;est plus compliqu\u00e9 que \u00e7a\u00a0\u00bb, dans 100% des cas, on me rappelait 5 minutes avant de passer en ondes pour me dire qu&rsquo;on n&rsquo;aurait pas assez de temps et d&rsquo;oublier \u00e7a.<\/p>\n\n\n\n<p>Avant l&rsquo;arriv\u00e9e des r\u00e9seaux sociaux, seuls les m\u00e9dias traditionnels avaient le privil\u00e8ge de g\u00e9rer cette merde ch\u00e9rie, tributaire de leurs cotes d&rsquo;\u00e9coute. Aujourd&rsquo;hui, les gens ne font qu&rsquo;appliquer le syst\u00e8me d&rsquo;une bullshit d\u00e9mocratis\u00e9e et polaris\u00e9e sur Facebook, Instagram et X.<\/p>\n\n\n\n<p>\u00c7a donne des nonos qui croient n&rsquo;importe quoi et qui disent n&rsquo;importe quoi.<\/p>\n\n\n\n<p>Sont-ils vraiment \u00e0 bl\u00e2mer?<\/p>\n\n\n\n<p>Et en perte de vitesse plus que jamais, les m\u00e9dias en ajoutent une couche en accumulant les chroniqueurs incendiaires qui ont chacun leur v\u00e9rit\u00e9. <\/p>\n\n\n\n<p>Filosa ne m\u00e9ritait pas de perdre son micro. Il m\u00e9ritait de se faire traiter poliment d&rsquo;ignorant en ondes et de se faire donner la preuve qu&rsquo;il a tout faux concernant la NASA. C&rsquo;est \u00e7a, la p\u00e9dagogie. C&rsquo;est \u00e7a, \u00e9duquer l&rsquo;auditeur. C&rsquo;est \u00e7a, gagner la confiance des gens en leur expliquant les choses au lieu de leur que c&rsquo;est \u00e7a et que c&rsquo;est tout.<\/p>\n\n\n\n<p>Mais il semble y avoir un certain dogme qui va bien au-del\u00e0 des propos complotistes au 98,5. Du moins, quand on regarde MC Gilles, Pierre-Yves McSween, Filosa et m\u00eame Caroline Paquet, pr\u00e9sidente de Cogeco M\u00e9dia dont les t\u00eates ont roul\u00e9 au cours des derniers mois, on se demande ce qui s&rsquo;y passe, qui m\u00e8ne la barque et surtout, sur quelles valeurs celle-ci navigue-t-elle?<\/p>\n\n\n\n<p>On nous dira que tout va bien, en nous gerbant une poutine de relations publiques \u00e0 laquelle on aura de la difficult\u00e9 \u00e0 croire.<\/p>\n\n\n\n<p>Au bout du compte, marcher sur la lune a l&rsquo;air pas mal plus simple.<\/p>\n","protected":false},"excerpt":{"rendered":"<p>Jeremy Filosa, l&rsquo;homme qui ne croit pas au fait que nous sommes all\u00e9s sur la lune, vient de polariser le Qu\u00e9bec en ce mois d&rsquo;octobre color\u00e9. Je regarde \u00e0 ma fen\u00eatre et j&rsquo;aper\u00e7ois les diff\u00e9rentes teintes. Ce sont tous des \u00e9rables de m\u00eame taille, pourtant. Chacun a sa particularit\u00e9. Les humains sont comme \u00e7a. \u00c7a [&hellip;]<\/p>\n","protected":false},"author":1025,"featured_media":266,"comment_status":"closed","ping_status":"open","sticky":false,"template":"","format":"standard","meta":{"footnotes":""},"categories":[7],"tags":[],"ppma_author":[3],"class_list":["post-264","post","type-post","status-publish","format-standard","has-post-thumbnail","hentry","category-chronique"],"authors":[{"term_id":3,"user_id":1025,"is_guest":0,"slug":"editorr","display_name":"Daniel L. Moisan","avatar_url":"https:\/\/secure.gravatar.com\/avatar\/f09be322eec3820c279d881a8495d8cc47b17edc9367d87513bab9e15cca27fa?s=96&d=mm&r=g","0":null,"1":"","2":"","3":"","4":"","5":"","6":"","7":"","8":""}],"_links":{"self":[{"href":"https:\/\/www.webquebec.com\/index.php?rest_route=\/wp\/v2\/posts\/264","targetHints":{"allow":["GET"]}}],"collection":[{"href":"https:\/\/www.webquebec.com\/index.php?rest_route=\/wp\/v2\/posts"}],"about":[{"href":"https:\/\/www.webquebec.com\/index.php?rest_route=\/wp\/v2\/types\/post"}],"author":[{"embeddable":true,"href":"https:\/\/www.webquebec.com\/index.php?rest_route=\/wp\/v2\/users\/1025"}],"replies":[{"embeddable":true,"href":"https:\/\/www.webquebec.com\/index.php?rest_route=%2Fwp%2Fv2%2Fcomments&post=264"}],"version-history":[{"count":5,"href":"https:\/\/www.webquebec.com\/index.php?rest_route=\/wp\/v2\/posts\/264\/revisions"}],"predecessor-version":[{"id":503,"href":"https:\/\/www.webquebec.com\/index.php?rest_route=\/wp\/v2\/posts\/264\/revisions\/503"}],"wp:featuredmedia":[{"embeddable":true,"href":"https:\/\/www.webquebec.com\/index.php?rest_route=\/wp\/v2\/media\/266"}],"wp:attachment":[{"href":"https:\/\/www.webquebec.com\/index.php?rest_route=%2Fwp%2Fv2%2Fmedia&parent=264"}],"wp:term":[{"taxonomy":"category","embeddable":true,"href":"https:\/\/www.webquebec.com\/index.php?rest_route=%2Fwp%2Fv2%2Fcategories&post=264"},{"taxonomy":"post_tag","embeddable":true,"href":"https:\/\/www.webquebec.com\/index.php?rest_route=%2Fwp%2Fv2%2Ftags&post=264"},{"taxonomy":"author","embeddable":true,"href":"https:\/\/www.webquebec.com\/index.php?rest_route=%2Fwp%2Fv2%2Fppma_author&post=264"}],"curies":[{"name":"wp","href":"https:\/\/api.w.org\/{rel}","templated":true}]}}