{"id":271,"date":"2024-10-23T10:09:28","date_gmt":"2024-10-23T14:09:28","guid":{"rendered":"https:\/\/www.webquebec.com\/?p=271"},"modified":"2024-10-23T10:19:41","modified_gmt":"2024-10-23T14:19:41","slug":"les-melanges-melangeants","status":"publish","type":"post","link":"https:\/\/www.webquebec.com\/?p=271","title":{"rendered":"Les m\u00e9langes m\u00e9langeants"},"content":{"rendered":"\n<p>J&rsquo;ai toujours \u00e9t\u00e9 un id\u00e9aliste. J&rsquo;ai souvent \u00e9t\u00e9 d\u00e9\u00e7u. Aujourd&rsquo;hui, je le suis encore plus. J&rsquo;essaie de comprendre ce que mon Qu\u00e9bec est devenu et je n&rsquo;y arrive plus. Chronique d&rsquo;une crise d&rsquo;identit\u00e9&#8230; pour ce qu&rsquo;il reste de celle-ci.<\/p>\n\n\n\n<p>Les nouvelles nous apprennent que 11 enseignants se sont vus suspendus pour avoir install\u00e9 un climat de violence physique, psychologique et de d\u00e9ni de r\u00e9alit\u00e9 DANS UNE \u00c9COLE PRIMAIRE de Montr\u00e9al.<\/p>\n\n\n\n<p>D\u00e9noncer la situation a m\u00eame valu \u00e0 la d\u00e9put\u00e9e lib\u00e9rale Marwah Rizqy des menaces, apr\u00e8s s&rsquo;\u00eatre fait traiter de Marocaine de service par un pr\u00e9dicateur islamiste.<\/p>\n\n\n\n<p>Je ne sais plus quoi penser.<\/p>\n\n\n\n<p>J&rsquo;ai des amis de toutes les confessions&#8230; toutes ! J&rsquo;ai beaucoup de respect pour ces gens, malgr\u00e9 le fait que je ne crois en aucune religion. Pour moi, il y a probablement un Dieu mais sa personne comme ses r\u00e8gles ne correspondent pas \u00e0 la version anthropomorphiste et exclusive que les diff\u00e9rentes religions en ont faite.<\/p>\n\n\n\n<p>Le vivre-ensemble doit \u00eatre bas\u00e9 sur le respect de soi et des autres. Si le Qu\u00e9bec ne s&rsquo;\u00e9tait pas lib\u00e9r\u00e9 de sa grande noirceur raciste et antis\u00e9mite des ann\u00e9es 40, bien peu de communaut\u00e9s y auraient trouv\u00e9 une terre d&rsquo;accueil. On serait blancs et catholiques. On a d\u00e9cid\u00e9 plut\u00f4t de s&rsquo;ouvrir aux autres, de les accueillir \u00e0 la seule condition qu&rsquo;ils respectent la raison pour laquelle ils ont pu venir s&rsquo;\u00e9tablir ici : la libert\u00e9 dans le respect des autres. <\/p>\n\n\n\n<p>On assiste plut\u00f4t \u00e0 des petits \u00c9tats dans l&rsquo;\u00c9tat. On d\u00e9cide que les troubles d&rsquo;apprentissage n&rsquo;existent pas et que les difficult\u00e9s scolaires sont de la fain\u00e9antise. On commet des crimes d&rsquo;honneur. On dit aux enseignants qu&rsquo;on n&rsquo;a aucun probl\u00e8me \u00e0 ce qu&rsquo;ils frappent nos enfants \u00e0 l&rsquo;\u00e9cole. \u00ab\u00a0C&rsquo;est comme \u00e7a qu&rsquo;ils font chez nous\u00a0\u00bb. Chez-vous? Je croyais que chez-vous, c&rsquo;\u00e9tait ici. <\/p>\n\n\n\n<p>\u00c9videmment, pour faire place \u00e0 cet int\u00e9grisme, on a d\u00e9cid\u00e9 que le mot No\u00ebl n&rsquo;existait plus, entre autres. Me semble que le deal, c&rsquo;\u00e9tait qu&rsquo;on se faisait tous de la place, non? Je retirais mes crucifix et toi, tu ne les rempla\u00e7ais par rien d&rsquo;autre que de la bienveillance. C&rsquo;\u00e9tait \u00e7a le deal. La religion, \u00e0 la maison ou dans les lieux de culte et des valeurs communes pour les espaces communs.<\/p>\n\n\n\n<p>Mais non. Faut renoncer \u00e0 nos valeurs en plus.<\/p>\n\n\n\n<p>Moi qui croyais que tu avais fui ton pays teint\u00e9 d&rsquo;intol\u00e9rance, de dictature, de prisonniers politiques, d&rsquo;ex\u00e9cutions sommaires et d&rsquo;int\u00e9grisme religieux pour participer \u00e0 notre projet d&rsquo;un monde meilleur, ouvert, aimant, tol\u00e9rant et bienveillant.<\/p>\n\n\n\n<p>Ben non. Je me sens comme un gars que la blonde aime juste pour son argent mais qui s&rsquo;en aper\u00e7oit une fois qu&rsquo;elle est enceinte.<\/p>\n\n\n\n<p>Il se sent trahi.<\/p>\n\n\n\n<p>L&rsquo;incompr\u00e9hension, oui. Les regrets? Non. J&rsquo;ai agi selon mes valeurs, celles auxquelles tu m&rsquo;as promis d&rsquo;adh\u00e9rer quand tu as travers\u00e9 la fronti\u00e8re. De mon identit\u00e9, y m&rsquo;reste plus grand chose&#8230; peut-\u00eatre un vieux refrain de Paul Pich\u00e9 pis une canne de bines. Faudrait-tu en plus que j&rsquo;en abandonne un des deux pour te faire plaisir?<\/p>\n\n\n\n<p>C&rsquo;est donc ben compliqu\u00e9 de s&rsquo;aimer pis de se respecter, calisse&#8230;<\/p>\n\n\n\n<p>Bonne journ\u00e9e \u00e0 toutes et \u00e0 tous, sans aucune exception. Paix, amour&#8230; et une victoire du Canadien cette semaine!<\/p>\n","protected":false},"excerpt":{"rendered":"<p>J&rsquo;ai toujours \u00e9t\u00e9 un id\u00e9aliste. J&rsquo;ai souvent \u00e9t\u00e9 d\u00e9\u00e7u. Aujourd&rsquo;hui, je le suis encore plus. J&rsquo;essaie de comprendre ce que mon Qu\u00e9bec est devenu et je n&rsquo;y arrive plus. Chronique d&rsquo;une crise d&rsquo;identit\u00e9&#8230; pour ce qu&rsquo;il reste de celle-ci. Les nouvelles nous apprennent que 11 enseignants se sont vus suspendus pour avoir install\u00e9 un climat [&hellip;]<\/p>\n","protected":false},"author":1025,"featured_media":274,"comment_status":"closed","ping_status":"open","sticky":false,"template":"","format":"standard","meta":{"footnotes":""},"categories":[7],"tags":[],"ppma_author":[3],"class_list":["post-271","post","type-post","status-publish","format-standard","has-post-thumbnail","hentry","category-chronique"],"authors":[{"term_id":3,"user_id":1025,"is_guest":0,"slug":"editorr","display_name":"Daniel L. Moisan","avatar_url":"https:\/\/secure.gravatar.com\/avatar\/f09be322eec3820c279d881a8495d8cc47b17edc9367d87513bab9e15cca27fa?s=96&d=mm&r=g","0":null,"1":"","2":"","3":"","4":"","5":"","6":"","7":"","8":""}],"_links":{"self":[{"href":"https:\/\/www.webquebec.com\/index.php?rest_route=\/wp\/v2\/posts\/271","targetHints":{"allow":["GET"]}}],"collection":[{"href":"https:\/\/www.webquebec.com\/index.php?rest_route=\/wp\/v2\/posts"}],"about":[{"href":"https:\/\/www.webquebec.com\/index.php?rest_route=\/wp\/v2\/types\/post"}],"author":[{"embeddable":true,"href":"https:\/\/www.webquebec.com\/index.php?rest_route=\/wp\/v2\/users\/1025"}],"replies":[{"embeddable":true,"href":"https:\/\/www.webquebec.com\/index.php?rest_route=%2Fwp%2Fv2%2Fcomments&post=271"}],"version-history":[{"count":7,"href":"https:\/\/www.webquebec.com\/index.php?rest_route=\/wp\/v2\/posts\/271\/revisions"}],"predecessor-version":[{"id":280,"href":"https:\/\/www.webquebec.com\/index.php?rest_route=\/wp\/v2\/posts\/271\/revisions\/280"}],"wp:featuredmedia":[{"embeddable":true,"href":"https:\/\/www.webquebec.com\/index.php?rest_route=\/wp\/v2\/media\/274"}],"wp:attachment":[{"href":"https:\/\/www.webquebec.com\/index.php?rest_route=%2Fwp%2Fv2%2Fmedia&parent=271"}],"wp:term":[{"taxonomy":"category","embeddable":true,"href":"https:\/\/www.webquebec.com\/index.php?rest_route=%2Fwp%2Fv2%2Fcategories&post=271"},{"taxonomy":"post_tag","embeddable":true,"href":"https:\/\/www.webquebec.com\/index.php?rest_route=%2Fwp%2Fv2%2Ftags&post=271"},{"taxonomy":"author","embeddable":true,"href":"https:\/\/www.webquebec.com\/index.php?rest_route=%2Fwp%2Fv2%2Fppma_author&post=271"}],"curies":[{"name":"wp","href":"https:\/\/api.w.org\/{rel}","templated":true}]}}