{"id":410,"date":"2025-03-26T11:13:08","date_gmt":"2025-03-26T15:13:08","guid":{"rendered":"https:\/\/www.webquebec.com\/?p=410"},"modified":"2025-03-26T11:14:15","modified_gmt":"2025-03-26T15:14:15","slug":"le-banquier-le-guet-apens-et-les-figurants","status":"publish","type":"post","link":"https:\/\/www.webquebec.com\/?p=410","title":{"rendered":"Le banquier, le guet-apens et les figurants"},"content":{"rendered":"\n<p>La campagne \u00e9lectorale bat son plein au Canada sur un fond de guerre commerciale et face au spectre d&rsquo;une possible annexion aux USA. Pour qui voter? Et pour quelles raisons? Difficile de voir clair dans tout \u00e7a.<\/p>\n\n\n\n<h2 class=\"wp-block-heading\">Le banquier<\/h2>\n\n\n\n<figure class=\"wp-block-image size-full is-resized\"><img loading=\"lazy\" decoding=\"async\" width=\"856\" height=\"482\" src=\"https:\/\/www.webquebec.com\/wp-content\/uploads\/2025\/03\/image.png\" alt=\"\" class=\"wp-image-411\" style=\"width:362px;height:auto\" srcset=\"https:\/\/www.webquebec.com\/wp-content\/uploads\/2025\/03\/image.png 856w, https:\/\/www.webquebec.com\/wp-content\/uploads\/2025\/03\/image-300x169.png 300w, https:\/\/www.webquebec.com\/wp-content\/uploads\/2025\/03\/image-768x432.png 768w\" sizes=\"auto, (max-width: 856px) 100vw, 856px\" \/><\/figure>\n\n\n\n<p>Mark Carney a un impressionnant CV, lui qui \u00e9tait encore il y a quelques mois, un parfait inconnu pour une majorit\u00e9 de gens. Le parti Lib\u00e9ral veut l&rsquo;associer \u00e0 un nouveau souffle, lui qui \u00e9tait pourtant conseiller \u00e9conomique de Trudeau. Dans son cas, beaucoup de questions sans r\u00e9ponses. Que vaut la parole d&rsquo;un premier ministre qui, dans le priv\u00e9, a utilis\u00e9 des paradis fiscaux pour attirer des investisseurs dans le cadre des op\u00e9rations de Brookfield, entreprise \u00e0 laquelle il est associ\u00e9? Que vaut la parole d&rsquo;un premier ministre qui, toujours avec Brookfield, fait des affaires \u00e0 coups de millions avec la Chine, pays \u00e0 l&rsquo;oppos\u00e9 des valeurs canadiennes? Que vaut la bienveillance d&rsquo;un banquier qui fera toujours passer ses int\u00e9r\u00eats avant celui des citoyens? Que fera Carney si les banques d\u00e9cident qu&rsquo;il est dans leur int\u00e9r\u00eat de fusionner avec les USA? Pour moi, jusqu&rsquo;\u00e0 preuve du contraire, Carney est actuellement le m\u00e9chant loup d\u00e9guis\u00e9 en M\u00e8re-Grand.<\/p>\n\n\n\n<h2 class=\"wp-block-heading\">Le guet-apens<\/h2>\n\n\n\n<figure class=\"wp-block-image size-large is-resized\"><img loading=\"lazy\" decoding=\"async\" width=\"1024\" height=\"538\" src=\"https:\/\/www.webquebec.com\/wp-content\/uploads\/2025\/03\/image-1-1024x538.png\" alt=\"\" class=\"wp-image-412\" style=\"width:385px;height:auto\" srcset=\"https:\/\/www.webquebec.com\/wp-content\/uploads\/2025\/03\/image-1-1024x538.png 1024w, https:\/\/www.webquebec.com\/wp-content\/uploads\/2025\/03\/image-1-300x158.png 300w, https:\/\/www.webquebec.com\/wp-content\/uploads\/2025\/03\/image-1-768x403.png 768w, https:\/\/www.webquebec.com\/wp-content\/uploads\/2025\/03\/image-1.png 1200w\" sizes=\"auto, (max-width: 1024px) 100vw, 1024px\" \/><\/figure>\n\n\n\n<p>Parlant de m\u00e9chant loup, Pierre Poili\u00e8vre ne donne pas sa place lui non plus. Porte-\u00e9tendard de la mouvance d&rsquo;extr\u00eame droite mondiale, le type compte r\u00e9former notre soci\u00e9t\u00e9 en profondeur. M\u00eame s&rsquo;il a l&rsquo;air bien gentil en ce moment, avec un gouvernement majoritaire, Poili\u00e8vre ne fera pas mieux que Trump et se croira lui aussi investi des pleins pouvoirs, rempla\u00e7ant le gros bon sens par un agenda du type Projet 2025 aux USA et dont les grandes lignes sont : au nom de la Chr\u00e9tient\u00e9, expulsons les immigrants, emp\u00eachons l&rsquo;avortement, occultons la communaut\u00e9 LGBT+, d\u00e9monisons les Palestiniens, d\u00e9clarons antis\u00e9mite toute dissidence \u00e0 l&rsquo;\u00e9gard des politiques d&rsquo;Isra\u00ebl, ramenons le christianisme dans les \u00e9coles et surtout, d\u00e9r\u00e8glementons l&rsquo;environnement et les milieux financiers pour enrichir \u00e0 court, moyen et long terme les ultra-riches. Une approche qui va diviser la soci\u00e9t\u00e9 et cr\u00e9er, comme on le voit au sud, des blessures irr\u00e9parables dans le tissu social.<\/p>\n\n\n\n<h2 class=\"wp-block-heading\">Les figurants<\/h2>\n\n\n\n<h2 class=\"wp-block-heading\">Le Bloc<\/h2>\n\n\n\n<figure class=\"wp-block-image size-large is-resized\"><img loading=\"lazy\" decoding=\"async\" width=\"1024\" height=\"576\" src=\"https:\/\/www.webquebec.com\/wp-content\/uploads\/2025\/03\/image-2-1024x576.png\" alt=\"\" class=\"wp-image-413\" style=\"width:400px;height:auto\" srcset=\"https:\/\/www.webquebec.com\/wp-content\/uploads\/2025\/03\/image-2-1024x576.png 1024w, https:\/\/www.webquebec.com\/wp-content\/uploads\/2025\/03\/image-2-300x169.png 300w, https:\/\/www.webquebec.com\/wp-content\/uploads\/2025\/03\/image-2-768x432.png 768w, https:\/\/www.webquebec.com\/wp-content\/uploads\/2025\/03\/image-2.png 1080w\" sizes=\"auto, (max-width: 1024px) 100vw, 1024px\" \/><\/figure>\n\n\n\n<p>Le parti n&rsquo;a jamais \u00e9t\u00e9 aussi inutile qu&rsquo;en ce moment. Face au g\u00e9ant am\u00e9ricain qui menace de nous avaler, chanter \u00ab\u00a0Si on s&rsquo;y mettait\u00a0\u00bb sur les Plaines n&rsquo;a pas sa place. Le Canada et le Qu\u00e9bec partagent nombre de valeurs communes et c&rsquo;est l\u00e0-dessus qu&rsquo;il faut miser. Et pour d\u00e9fendre les int\u00e9r\u00eats du Qu\u00e9bec, il y a un gouvernement du Qu\u00e9bec.<\/p>\n\n\n\n<h2 class=\"wp-block-heading\">Le NPD<\/h2>\n\n\n\n<figure class=\"wp-block-image size-large is-resized\"><img loading=\"lazy\" decoding=\"async\" width=\"1024\" height=\"576\" src=\"https:\/\/www.webquebec.com\/wp-content\/uploads\/2025\/03\/image-3-1024x576.png\" alt=\"\" class=\"wp-image-414\" style=\"width:404px;height:auto\" srcset=\"https:\/\/www.webquebec.com\/wp-content\/uploads\/2025\/03\/image-3-1024x576.png 1024w, https:\/\/www.webquebec.com\/wp-content\/uploads\/2025\/03\/image-3-300x169.png 300w, https:\/\/www.webquebec.com\/wp-content\/uploads\/2025\/03\/image-3-768x432.png 768w, https:\/\/www.webquebec.com\/wp-content\/uploads\/2025\/03\/image-3.png 1200w\" sizes=\"auto, (max-width: 1024px) 100vw, 1024px\" \/><\/figure>\n\n\n\n<p>Face \u00e0 la vague de droite, le discours de solidarit\u00e9 sociale doit \u00eatre entendu. Aux USA, les gens perdent leur emplois par milliers depuis la fin janvier, des comt\u00e9s de communaut\u00e9s d&rsquo;immigrants qui ont mis\u00e9 sur Trump ont vu une partie de leurs citoyens trahie, ceux-ci \u00e9tant d\u00e9port\u00e9s. Si le NPD se tait, \u00e7a deviendra chacun pour soi avec des conditions de travail de plus en plus difficiles et des soins de sant\u00e9 priv\u00e9s, mettant en p\u00e9ril la vie et la dignit\u00e9 de nos plus d\u00e9munis.<\/p>\n\n\n\n<h2 class=\"wp-block-heading\">Le Parti Vert<\/h2>\n\n\n\n<figure class=\"wp-block-image size-full is-resized\"><img loading=\"lazy\" decoding=\"async\" width=\"800\" height=\"548\" src=\"https:\/\/www.webquebec.com\/wp-content\/uploads\/2025\/03\/image-4.png\" alt=\"\" class=\"wp-image-415\" style=\"width:417px;height:auto\" srcset=\"https:\/\/www.webquebec.com\/wp-content\/uploads\/2025\/03\/image-4.png 800w, https:\/\/www.webquebec.com\/wp-content\/uploads\/2025\/03\/image-4-300x206.png 300w, https:\/\/www.webquebec.com\/wp-content\/uploads\/2025\/03\/image-4-768x526.png 768w\" sizes=\"auto, (max-width: 800px) 100vw, 800px\" \/><\/figure>\n\n\n\n<p>\u00ab\u00a0Drill Baby Drill\u00a0\u00bb est le nouveau slogan de Trump, celui-ci favorisant le retour aux \u00e9nergies fossiles et mettant fin \u00e0 plusieurs programmes de recherche sur les impacts environnementaux. Quand on se fiche du sort des pauvres mais qu&rsquo;on se fait une fiert\u00e9 de ramener les pailles en plastique dans les restaurants, c&rsquo;est qu&rsquo;on est compl\u00e8tement d\u00e9connect\u00e9. On doit imp\u00e9rativement parler d&rsquo;environnement lors de cette campagne. Le Canada a tout \u00e0 perdre de ce c\u00f4t\u00e9.<\/p>\n\n\n\n<h2 class=\"wp-block-heading\">En conclusion<\/h2>\n\n\n\n<p>La solidarit\u00e9 Canadienne n&rsquo;a pas besoin de se traduire en majorit\u00e9 au Parlement. Notre d\u00e9mocratie a besoin d&rsquo;un gouvernement de coalition, tant et aussi longtemps que la soci\u00e9t\u00e9 sera polaris\u00e9e de cette fa\u00e7on. La seule fa\u00e7on de repr\u00e9senter les int\u00e9r\u00eats de toutes les couches de la soci\u00e9t\u00e9 et de gouverner dans le compromis. Et c&rsquo;est uniquement l\u00e0 que je verrais peut-\u00eatre l&rsquo;utilit\u00e9 du Bloc mais celui-ci devra mettre des lunettes f\u00e9d\u00e9ralistes jusqu&rsquo;\u00e0 ce que l&rsquo;ouragan Trump soit pass\u00e9 sans quoi, voter NPD (qui ne prendra jamais le pouvoir mais qui pourra d\u00e9tenir la balance de celui-ci) est la meilleure fa\u00e7on d&rsquo;avoir un parlement repr\u00e9sentatif de toutes et de tous.<\/p>\n\n\n\n<p>Bon vote !<\/p>\n","protected":false},"excerpt":{"rendered":"<p>La campagne \u00e9lectorale bat son plein au Canada sur un fond de guerre commerciale et face au spectre d&rsquo;une possible annexion aux USA. Pour qui voter? Et pour quelles raisons? Difficile de voir clair dans tout \u00e7a. Le banquier Mark Carney a un impressionnant CV, lui qui \u00e9tait encore il y a quelques mois, un [&hellip;]<\/p>\n","protected":false},"author":1025,"featured_media":416,"comment_status":"closed","ping_status":"open","sticky":false,"template":"","format":"standard","meta":{"footnotes":""},"categories":[1],"tags":[],"ppma_author":[3],"class_list":["post-410","post","type-post","status-publish","format-standard","has-post-thumbnail","hentry","category-non-classe"],"authors":[{"term_id":3,"user_id":1025,"is_guest":0,"slug":"editorr","display_name":"Daniel L. Moisan","avatar_url":"https:\/\/secure.gravatar.com\/avatar\/f09be322eec3820c279d881a8495d8cc47b17edc9367d87513bab9e15cca27fa?s=96&d=mm&r=g","0":null,"1":"","2":"","3":"","4":"","5":"","6":"","7":"","8":""}],"_links":{"self":[{"href":"https:\/\/www.webquebec.com\/index.php?rest_route=\/wp\/v2\/posts\/410","targetHints":{"allow":["GET"]}}],"collection":[{"href":"https:\/\/www.webquebec.com\/index.php?rest_route=\/wp\/v2\/posts"}],"about":[{"href":"https:\/\/www.webquebec.com\/index.php?rest_route=\/wp\/v2\/types\/post"}],"author":[{"embeddable":true,"href":"https:\/\/www.webquebec.com\/index.php?rest_route=\/wp\/v2\/users\/1025"}],"replies":[{"embeddable":true,"href":"https:\/\/www.webquebec.com\/index.php?rest_route=%2Fwp%2Fv2%2Fcomments&post=410"}],"version-history":[{"count":1,"href":"https:\/\/www.webquebec.com\/index.php?rest_route=\/wp\/v2\/posts\/410\/revisions"}],"predecessor-version":[{"id":417,"href":"https:\/\/www.webquebec.com\/index.php?rest_route=\/wp\/v2\/posts\/410\/revisions\/417"}],"wp:featuredmedia":[{"embeddable":true,"href":"https:\/\/www.webquebec.com\/index.php?rest_route=\/wp\/v2\/media\/416"}],"wp:attachment":[{"href":"https:\/\/www.webquebec.com\/index.php?rest_route=%2Fwp%2Fv2%2Fmedia&parent=410"}],"wp:term":[{"taxonomy":"category","embeddable":true,"href":"https:\/\/www.webquebec.com\/index.php?rest_route=%2Fwp%2Fv2%2Fcategories&post=410"},{"taxonomy":"post_tag","embeddable":true,"href":"https:\/\/www.webquebec.com\/index.php?rest_route=%2Fwp%2Fv2%2Ftags&post=410"},{"taxonomy":"author","embeddable":true,"href":"https:\/\/www.webquebec.com\/index.php?rest_route=%2Fwp%2Fv2%2Fppma_author&post=410"}],"curies":[{"name":"wp","href":"https:\/\/api.w.org\/{rel}","templated":true}]}}