{"id":625,"date":"2026-09-02T14:05:11","date_gmt":"2026-09-02T18:05:11","guid":{"rendered":"https:\/\/www.webquebec.com\/?p=625"},"modified":"2026-09-02T14:07:07","modified_gmt":"2026-09-02T18:07:07","slug":"une-nouvelle-des-points-de-vue-la-situation-a-gaza","status":"publish","type":"post","link":"https:\/\/www.webquebec.com\/?p=625","title":{"rendered":"Une nouvelle, des points de vue : la situation \u00e0 Gaza"},"content":{"rendered":"\n<div style=\"margin:32px 0;font-family:inherit;\">\n  <div style=\"font-size:11px;letter-spacing:0.1em;text-transform:uppercase;color:#8a8f99;font-weight:600;margin-bottom:6px;\">Une nouvelle, des points de vue<\/div>\n  <h3 style=\"font-size:26px;margin:0 0 20px;line-height:1.2;\">Le cessez-le-feu \u00e0 Gaza, un an de fragilit\u00e9<\/h3>\n\n  <div style=\"display:grid;grid-template-columns:repeat(auto-fit,minmax(240px,1fr));gap:14px;\">\n\n    <div style=\"background:#f6f5f1;border-top:3px solid #e8a33d;border-radius:4px;padding:16px 18px;\">\n      <div style=\"display:flex;align-items:center;gap:8px;margin-bottom:10px;\">\n        <img loading=\"lazy\" decoding=\"async\" src=\"https:\/\/www.google.com\/s2\/favicons?sz=64&#038;domain=foxnews.com\" width=\"20\" height=\"20\" style=\"border-radius:3px;\" alt=\"\">\n        <span style=\"font-weight:700;font-size:14px;text-transform:uppercase;\">Fox News<\/span>\n      <\/div>\n      <p style=\"font-size:14.5px;line-height:1.6;color:#333;margin:0 0 10px;\">Fox cadre les frappes isra\u00e9liennes comme des ripostes l\u00e9gitimes \u00e0 des violations du cessez-le-feu par le Hamas \u2014 ciblant, selon Tsahal, des combattants sortant de tunnels et des sites d&rsquo;armes \u2014 plut\u00f4t que comme des attaques unilat\u00e9rales.<\/p>\n      <a href=\"https:\/\/www.foxnews.com\/world\/idf-says-gaza-strikes-hit-terrorists-weapons-facilities-after-ceasefire-breach-hospitals-report-30-killed\" target=\"_blank\" rel=\"noopener\" style=\"font-size:12.5px;font-weight:600;color:#1a1a1a;border-bottom:1px solid currentColor;text-decoration:none;\">Lire l&rsquo;article original \u2192<\/a>\n    <\/div>\n\n    <div style=\"background:#f6f5f1;border-top:3px solid #c1443c;border-radius:4px;padding:16px 18px;\">\n      <div style=\"display:flex;align-items:center;gap:8px;margin-bottom:10px;\">\n        <img loading=\"lazy\" decoding=\"async\" src=\"https:\/\/www.google.com\/s2\/favicons?sz=64&#038;domain=aljazeera.com\" width=\"20\" height=\"20\" style=\"border-radius:3px;\" alt=\"\">\n        <span style=\"font-weight:700;font-size:14px;text-transform:uppercase;\">Al Jazeera<\/span>\n      <\/div>\n      <p style=\"font-size:14.5px;line-height:1.6;color:#333;margin:0 0 10px;\">Al Jazeera documente une escalade continue : deux Palestiniens tu\u00e9s mercredi \u00e0 Jabalia malgr\u00e9 la tr\u00eave. Le m\u00e9dia souligne qu&rsquo;Isra\u00ebl n&rsquo;a pas proc\u00e9d\u00e9 au retrait complet pr\u00e9vu par l&rsquo;accord, conservant le contr\u00f4le d&rsquo;environ la moiti\u00e9 du territoire.<\/p>\n      <a href=\"https:\/\/aa.com.tr\/en\/middle-east\/israel-kills-2-palestinians-in-strikes-gunfire-in-gaza-despite-ceasefire\/4044987\" target=\"_blank\" rel=\"noopener\" style=\"font-size:12.5px;font-weight:600;color:#1a1a1a;border-bottom:1px solid currentColor;text-decoration:none;\">Lire l&rsquo;article original \u2192<\/a>\n    <\/div>\n\n    <div style=\"background:#f6f5f1;border-top:3px solid #3e8e82;border-radius:4px;padding:16px 18px;\">\n      <div style=\"display:flex;align-items:center;gap:8px;margin-bottom:10px;\">\n        <img loading=\"lazy\" decoding=\"async\" src=\"https:\/\/www.google.com\/s2\/favicons?sz=64&#038;domain=cnn.com\" width=\"20\" height=\"20\" style=\"border-radius:3px;\" alt=\"\">\n        <span style=\"font-weight:700;font-size:14px;text-transform:uppercase;\">CNN<\/span>\n      <\/div>\n      <p style=\"font-size:14.5px;line-height:1.6;color:#333;margin:0 0 10px;\">CNN situe la couverture dans la dynamique politique de Washington : Trump, cherchant une victoire diplomatique alors que sa guerre avec l&rsquo;Iran s&rsquo;enlise, a relanc\u00e9 son plan pour Gaza \u2014 mais Netanyahu continue de r\u00e9sister aux pressions pour l&rsquo;appliquer pleinement.<\/p>\n      <a href=\"https:\/\/edition.cnn.com\/2026\/08\/09\/middleeast\/netanyahu-decision-trump-gaza-plan-analysis-latam-intl\" target=\"_blank\" rel=\"noopener\" style=\"font-size:12.5px;font-weight:600;color:#1a1a1a;border-bottom:1px solid currentColor;text-decoration:none;\">Lire l&rsquo;article original \u2192<\/a>\n    <\/div>\n\n    <div style=\"background:#f6f5f1;border-top:3px solid #7a8c43;border-radius:4px;padding:16px 18px;\">\n      <div style=\"display:flex;align-items:center;gap:8px;margin-bottom:10px;\">\n        <img loading=\"lazy\" decoding=\"async\" src=\"https:\/\/www.google.com\/s2\/favicons?sz=64&#038;domain=lapresse.ca\" width=\"20\" height=\"20\" style=\"border-radius:3px;\" alt=\"\">\n        <span style=\"font-weight:700;font-size:14px;text-transform:uppercase;\">La Presse<\/span>\n      <\/div>\n      <p style=\"font-size:14.5px;line-height:1.6;color:#333;margin:0 0 10px;\">La Presse rapporte les propos du responsable onusien du dossier, Nikolay Mladenov, qui critique les frappes isra\u00e9liennes et pr\u00e9vient que l&rsquo;alternative au plan am\u00e9ricain est une nouvelle guerre \u2014 tout en notant que le nombre de morts palestiniens a nettement diminu\u00e9 depuis octobre.<\/p>\n      <a href=\"https:\/\/www.noovo.info\/nouvelles\/international\/conflit-moyen-orient\/article\/le-responsable-charge-du-plan-de-cessez-le-feu-de-trump-pour-gaza-critique-israel\/\" target=\"_blank\" rel=\"noopener\" style=\"font-size:12.5px;font-weight:600;color:#1a1a1a;border-bottom:1px solid currentColor;text-decoration:none;\">Lire l&rsquo;article original \u2192<\/a>\n    <\/div>\n\n  <\/div>\n\n  <div style=\"background:#eef0ea;border-radius:4px;padding:18px 22px;margin-top:14px;\">\n    <h4 style=\"margin:0 0 10px;font-size:16px;\">Ce qui fait consensus<\/h4>\n    <ul style=\"margin:0;padding-left:20px;\">\n      <li style=\"font-size:14px;line-height:1.6;color:#333;padding:3px 0;\">Le cessez-le-feu est en vigueur depuis le 10 octobre 2025, mais des frappes isra\u00e9liennes se poursuivent presque quotidiennement<\/li>\n      <li style=\"font-size:14px;line-height:1.6;color:#333;padding:3px 0;\">Plus de 1300 Palestiniens ont \u00e9t\u00e9 tu\u00e9s depuis l&rsquo;entr\u00e9e en vigueur de la tr\u00eave, selon le minist\u00e8re de la Sant\u00e9 de Gaza (chiffres jug\u00e9s fiables par l&rsquo;ONU)<\/li>\n      <li style=\"font-size:14px;line-height:1.6;color:#333;padding:3px 0;\">Le rythme des violences a n\u00e9anmoins nettement diminu\u00e9 par rapport \u00e0 la guerre ouverte<\/li>\n      <li style=\"font-size:14px;line-height:1.6;color:#333;padding:3px 0;\">Le d\u00e9sarmement complet du Hamas, condition pos\u00e9e par Isra\u00ebl pour un retrait total, n&rsquo;a toujours pas eu lieu<\/li>\n    <\/ul>\n  <\/div>\n<\/div>\n","protected":false},"excerpt":{"rendered":"<p>Une nouvelle, des points de vue Le cessez-le-feu \u00e0 Gaza, un an de fragilit\u00e9 Fox News Fox cadre les frappes isra\u00e9liennes comme des ripostes l\u00e9gitimes \u00e0 des violations du cessez-le-feu par le Hamas \u2014 ciblant, selon Tsahal, des combattants sortant de tunnels et des sites d&rsquo;armes \u2014 plut\u00f4t que comme des attaques unilat\u00e9rales. Lire l&rsquo;article [&hellip;]<\/p>\n","protected":false},"author":1024,"featured_media":627,"comment_status":"closed","ping_status":"open","sticky":false,"template":"","format":"standard","meta":{"footnotes":""},"categories":[1],"tags":[],"ppma_author":[4],"class_list":["post-625","post","type-post","status-publish","format-standard","has-post-thumbnail","hentry","category-non-classe"],"authors":[{"term_id":4,"user_id":1024,"is_guest":0,"slug":"gestion_webqbc","display_name":"gestion_webqbc","avatar_url":"https:\/\/secure.gravatar.com\/avatar\/b7267e766e03e3e475927ce0274068b6bd964e8f114885eb0606adbe03e751c9?s=96&d=mm&r=g","author_category":"","first_name":"","last_name":"","user_url":"https:\/\/www.webquebec.com","job_title":"","description":""}],"_links":{"self":[{"href":"https:\/\/www.webquebec.com\/index.php?rest_route=\/wp\/v2\/posts\/625","targetHints":{"allow":["GET"]}}],"collection":[{"href":"https:\/\/www.webquebec.com\/index.php?rest_route=\/wp\/v2\/posts"}],"about":[{"href":"https:\/\/www.webquebec.com\/index.php?rest_route=\/wp\/v2\/types\/post"}],"author":[{"embeddable":true,"href":"https:\/\/www.webquebec.com\/index.php?rest_route=\/wp\/v2\/users\/1024"}],"replies":[{"embeddable":true,"href":"https:\/\/www.webquebec.com\/index.php?rest_route=%2Fwp%2Fv2%2Fcomments&post=625"}],"version-history":[{"count":1,"href":"https:\/\/www.webquebec.com\/index.php?rest_route=\/wp\/v2\/posts\/625\/revisions"}],"predecessor-version":[{"id":626,"href":"https:\/\/www.webquebec.com\/index.php?rest_route=\/wp\/v2\/posts\/625\/revisions\/626"}],"wp:featuredmedia":[{"embeddable":true,"href":"https:\/\/www.webquebec.com\/index.php?rest_route=\/wp\/v2\/media\/627"}],"wp:attachment":[{"href":"https:\/\/www.webquebec.com\/index.php?rest_route=%2Fwp%2Fv2%2Fmedia&parent=625"}],"wp:term":[{"taxonomy":"category","embeddable":true,"href":"https:\/\/www.webquebec.com\/index.php?rest_route=%2Fwp%2Fv2%2Fcategories&post=625"},{"taxonomy":"post_tag","embeddable":true,"href":"https:\/\/www.webquebec.com\/index.php?rest_route=%2Fwp%2Fv2%2Ftags&post=625"},{"taxonomy":"author","embeddable":true,"href":"https:\/\/www.webquebec.com\/index.php?rest_route=%2Fwp%2Fv2%2Fppma_author&post=625"}],"curies":[{"name":"wp","href":"https:\/\/api.w.org\/{rel}","templated":true}]}}